{"id":13251,"date":"2025-05-08T11:30:00","date_gmt":"2025-05-08T09:30:00","guid":{"rendered":"https:\/\/estetical.com\/trattamenti-estetici-naturali-esistono-davvero\/"},"modified":"2025-05-08T23:53:12","modified_gmt":"2025-05-08T21:53:12","slug":"trattamenti-estetici-naturali-esistono-davvero","status":"publish","type":"post","link":"https:\/\/estetical.com\/it\/trattamenti-estetici-naturali-esistono-davvero\/","title":{"rendered":"Trattamenti estetici &#8220;naturali&#8221; \u2013 esistono davvero?"},"content":{"rendered":"\n<div class=\"wp-block-media-text is-stacked-on-mobile is-image-fill-element\" style=\"grid-template-columns:35% auto\"><figure class=\"wp-block-media-text__media\"><img fetchpriority=\"high\" decoding=\"async\" width=\"1024\" height=\"1024\" src=\"https:\/\/estetical.com\/wp-content\/uploads\/2024\/08\/amadej-lah-slika-3-1024x1024.jpg\" alt=\"\" class=\"wp-image-12696 size-full\" style=\"object-position:50% 20%\" srcset=\"https:\/\/estetical.com\/wp-content\/uploads\/2024\/08\/amadej-lah-slika-3-1024x1024.jpg 1024w, https:\/\/estetical.com\/wp-content\/uploads\/2024\/08\/amadej-lah-slika-3-300x300.jpg 300w, https:\/\/estetical.com\/wp-content\/uploads\/2024\/08\/amadej-lah-slika-3-150x150.jpg 150w, https:\/\/estetical.com\/wp-content\/uploads\/2024\/08\/amadej-lah-slika-3-768x768.jpg 768w, https:\/\/estetical.com\/wp-content\/uploads\/2024\/08\/amadej-lah-slika-3-1536x1536.jpg 1536w, https:\/\/estetical.com\/wp-content\/uploads\/2024\/08\/amadej-lah-slika-3-2048x2048.jpg 2048w\" sizes=\"(max-width: 1024px) 100vw, 1024px\" \/><\/figure><div class=\"wp-block-media-text__content\">\n<p><\/p>\n\n\n\n<p>Negli ultimi anni della mia pratica professionale, noto sempre pi\u00f9 spesso che durante le consulenze ricorre la stessa frase: <strong><em>\u00bbL\u2019importante \u00e8 che il risultato sia naturale.\u00ab<\/em><\/strong> <\/p>\n\n\n\n<p>La sento indipendentemente dal fatto che si tratti di filler, lifting del viso o interventi al seno.<\/p>\n\n\n\n<p>E comprendo perfettamente questo desiderio \u2013 nessuno vuole che il risultato appaia eccessivo, artificiale o disarmonico.<\/p>\n\n\n\n<p><strong>Va per\u00f2 sottolineato che <strong>il concetto di \u201cnaturale\u201d \u00e8 altamente soggettivo.<\/strong><\/strong><\/p>\n<\/div><\/div>\n\n<p><\/p>\n\n<p>Per qualcuno significa che non si deve notare nulla. Per un altro, che il cambiamento sia visibile ma non eccessivo. Per un terzo, qualcosa di completamente diverso.  <\/p>\n\n<p><strong>E tutti hanno ragione: perch\u00e9 \u201cnaturale\u201d \u00e8 una percezione, non un criterio universale.<\/strong><\/p>\n\n<p>Proprio per questo \u00e8 fondamentale esprimersi con chiarezza durante la consulenza e comunicare sinceramente ci\u00f2 che si desidera.<\/p>\n\n<p>Ed \u00e8 mio compito, come chirurgo, prendermi il tempo per ascoltarvi, comprenderli \u2013 e poi realizzare ci\u00f2 che desiderate, secondo le vostre aspettative. <strong>Un buon intervento estetico si basa sulla comprensione reciproca, non su schemi predefiniti.<\/strong><\/p>\n\n<p>E un\u2019ultima cosa&#8230;<\/p>\n\n<p>Tutto ci\u00f2 che facciamo con i trattamenti estetici \u00e8 \u201cartificiale\u201d. <\/p>\n\n<p><strong>Siamo naturali solo esattamente cos\u00ec come siamo nati.<\/strong><\/p>\n\n<p>Anche le correzioni pi\u00f9 sottili, come tingersi i capelli o modellare le sopracciglia, sono dunque una \u201cmodifica artificiale\u201d.<\/p>\n\n<p><strong>Ma il fatto che qualcosa sia artificiale non significa che sia negativo.<\/strong> Al contrario, significa che \u00e8 pianificato, eseguito con competenza professionale e realizzato in modo da valorizzare la vostra bellezza naturale.<\/p>\n\n<p><strong>Smettiamo di stigmatizzare i cambiamenti estetici!<\/strong><\/p>\n\n<p>La domanda: <em>\u00bbMa non sono i tuoi seni?\u00ab<\/em> ha una risposta semplice: <strong>Certo che lo sono, li ho pagati.<\/strong><\/p>\n\n<p><strong>Il vostro corpo \u00e8 vostro, che lo abbiate ereditato, modellato con impegno o trasformato con l\u2019aiuto della chirurgia.<\/strong><\/p>\n\n<p>In Estetical, crediamo in un\u2019estetica al servizio della persona \u2013 non il contrario.<\/p>\n\n<p>Il nostro obiettivo non \u00e8 creare un nuovo volto o un nuovo corpo, ma esaltare ci\u00f2 che \u00e8 gi\u00e0 bello, correggere delicatamente ci\u00f2 che il tempo ha modificato, e nel farlo conservare la vostra espressivit\u00e0, individualit\u00e0 e proporzioni.<\/p>\n\n<p>Se state valutando una correzione, vi invito a una consulenza.<br\/>Insieme troveremo il giusto equilibrio tra ci\u00f2 che desiderate e ci\u00f2 che \u00e8 possibile.<\/p>\n\n<div class=\"wp-block-buttons is-layout-flex wp-block-buttons-is-layout-flex\">\n<div class=\"wp-block-button\"><a class=\"wp-block-button__link wp-element-button\" href=\"https:\/\/estetical.com\/it\/prenotazione\/\"><strong><mark style=\"background-color:rgba(0, 0, 0, 0)\" class=\"has-inline-color has-white-color\">PRENOTATE UNA CONSULENZA ONLINE<\/mark><\/strong><\/a><\/div>\n<\/div>\n\n<p>Oppure scriveteci a <a href=\"mailto:info@estetical.com\">info@estetical.com<\/a><\/p>\n\n<p>Cordiali saluti,<br\/><strong>dott. Amadej Lah<\/strong><\/p>\n\n<p><\/p>\n","protected":false},"excerpt":{"rendered":"<p>Negli ultimi anni della mia pratica professionale, noto sempre pi\u00f9 spesso che durante le consulenze ricorre la stessa frase: \u00bbL\u2019importante \u00e8 che il risultato sia naturale.\u00ab La sento indipendentemente dal fatto che si tratti di filler, lifting del viso o interventi al seno. E comprendo perfettamente questo desiderio \u2013 nessuno vuole che il risultato appaia [&hellip;]<\/p>\n","protected":false},"author":3,"featured_media":0,"comment_status":"open","ping_status":"open","sticky":false,"template":"","format":"standard","meta":{"footnotes":""},"categories":[33],"tags":[],"class_list":["post-13251","post","type-post","status-publish","format-standard","hentry","category-articolo"],"yoast_head":"<!-- This site is optimized with the Yoast SEO plugin v27.4 - https:\/\/yoast.com\/product\/yoast-seo-wordpress\/ -->\n<title>Trattamenti estetici &quot;naturali&quot; \u2013 esistono davvero? - ESTETICAL by Amadej Lah<\/title>\n<meta name=\"robots\" content=\"index, follow, max-snippet:-1, max-image-preview:large, max-video-preview:-1\" \/>\n<link rel=\"canonical\" href=\"https:\/\/estetical.com\/it\/trattamenti-estetici-naturali-esistono-davvero\/\" \/>\n<meta property=\"og:locale\" content=\"it_IT\" \/>\n<meta property=\"og:type\" content=\"article\" \/>\n<meta property=\"og:title\" content=\"Trattamenti estetici &quot;naturali&quot; \u2013 esistono davvero? - ESTETICAL by Amadej Lah\" \/>\n<meta property=\"og:description\" content=\"Negli ultimi anni della mia pratica professionale, noto sempre pi\u00f9 spesso che durante le consulenze ricorre la stessa frase: \u00bbL\u2019importante \u00e8 che il risultato sia naturale.\u00ab La sento indipendentemente dal fatto che si tratti di filler, lifting del viso o interventi al seno. E comprendo perfettamente questo desiderio \u2013 nessuno vuole che il risultato appaia [&hellip;]\" \/>\n<meta property=\"og:url\" content=\"https:\/\/estetical.com\/it\/trattamenti-estetici-naturali-esistono-davvero\/\" \/>\n<meta property=\"og:site_name\" content=\"ESTETICAL by Amadej Lah\" \/>\n<meta property=\"article:publisher\" content=\"https:\/\/www.facebook.com\/estetical.by.amadej.lah\" \/>\n<meta property=\"article:published_time\" content=\"2025-05-08T09:30:00+00:00\" \/>\n<meta property=\"article:modified_time\" content=\"2025-05-08T21:53:12+00:00\" \/>\n<meta property=\"og:image\" content=\"https:\/\/estetical.com\/wp-content\/uploads\/2024\/08\/amadej-lah-slika-3-scaled.jpg\" \/>\n\t<meta property=\"og:image:width\" content=\"2560\" \/>\n\t<meta property=\"og:image:height\" content=\"2560\" \/>\n\t<meta property=\"og:image:type\" content=\"image\/jpeg\" \/>\n<meta name=\"author\" content=\"spela\" \/>\n<meta name=\"twitter:card\" content=\"summary_large_image\" \/>\n<meta name=\"twitter:label1\" content=\"Scritto da\" \/>\n\t<meta name=\"twitter:data1\" content=\"spela\" \/>\n\t<meta name=\"twitter:label2\" content=\"Tempo di lettura stimato\" \/>\n\t<meta name=\"twitter:data2\" content=\"2 minuti\" \/>\n<script type=\"application\/ld+json\" class=\"yoast-schema-graph\">{\"@context\":\"https:\\\/\\\/schema.org\",\"@graph\":[{\"@type\":\"Article\",\"@id\":\"https:\\\/\\\/estetical.com\\\/it\\\/trattamenti-estetici-naturali-esistono-davvero\\\/#article\",\"isPartOf\":{\"@id\":\"https:\\\/\\\/estetical.com\\\/it\\\/trattamenti-estetici-naturali-esistono-davvero\\\/\"},\"author\":{\"name\":\"spela\",\"@id\":\"https:\\\/\\\/estetical.com\\\/it\\\/#\\\/schema\\\/person\\\/8bed5f22c9c325499944d30e9eb872d8\"},\"headline\":\"Trattamenti estetici &#8220;naturali&#8221; \u2013 esistono davvero?\",\"datePublished\":\"2025-05-08T09:30:00+00:00\",\"dateModified\":\"2025-05-08T21:53:12+00:00\",\"mainEntityOfPage\":{\"@id\":\"https:\\\/\\\/estetical.com\\\/it\\\/trattamenti-estetici-naturali-esistono-davvero\\\/\"},\"wordCount\":363,\"commentCount\":0,\"publisher\":{\"@id\":\"https:\\\/\\\/estetical.com\\\/it\\\/#organization\"},\"image\":{\"@id\":\"https:\\\/\\\/estetical.com\\\/it\\\/trattamenti-estetici-naturali-esistono-davvero\\\/#primaryimage\"},\"thumbnailUrl\":\"https:\\\/\\\/estetical.com\\\/wp-content\\\/uploads\\\/2024\\\/08\\\/amadej-lah-slika-3-1024x1024.jpg\",\"articleSection\":[\"Articolo\"],\"inLanguage\":\"it-IT\",\"potentialAction\":[{\"@type\":\"CommentAction\",\"name\":\"Comment\",\"target\":[\"https:\\\/\\\/estetical.com\\\/it\\\/trattamenti-estetici-naturali-esistono-davvero\\\/#respond\"]}]},{\"@type\":\"WebPage\",\"@id\":\"https:\\\/\\\/estetical.com\\\/it\\\/trattamenti-estetici-naturali-esistono-davvero\\\/\",\"url\":\"https:\\\/\\\/estetical.com\\\/it\\\/trattamenti-estetici-naturali-esistono-davvero\\\/\",\"name\":\"Trattamenti estetici \\\"naturali\\\" \u2013 esistono davvero? - ESTETICAL by Amadej Lah\",\"isPartOf\":{\"@id\":\"https:\\\/\\\/estetical.com\\\/it\\\/#website\"},\"primaryImageOfPage\":{\"@id\":\"https:\\\/\\\/estetical.com\\\/it\\\/trattamenti-estetici-naturali-esistono-davvero\\\/#primaryimage\"},\"image\":{\"@id\":\"https:\\\/\\\/estetical.com\\\/it\\\/trattamenti-estetici-naturali-esistono-davvero\\\/#primaryimage\"},\"thumbnailUrl\":\"https:\\\/\\\/estetical.com\\\/wp-content\\\/uploads\\\/2024\\\/08\\\/amadej-lah-slika-3-1024x1024.jpg\",\"datePublished\":\"2025-05-08T09:30:00+00:00\",\"dateModified\":\"2025-05-08T21:53:12+00:00\",\"breadcrumb\":{\"@id\":\"https:\\\/\\\/estetical.com\\\/it\\\/trattamenti-estetici-naturali-esistono-davvero\\\/#breadcrumb\"},\"inLanguage\":\"it-IT\",\"potentialAction\":[{\"@type\":\"ReadAction\",\"target\":[\"https:\\\/\\\/estetical.com\\\/it\\\/trattamenti-estetici-naturali-esistono-davvero\\\/\"]}]},{\"@type\":\"ImageObject\",\"inLanguage\":\"it-IT\",\"@id\":\"https:\\\/\\\/estetical.com\\\/it\\\/trattamenti-estetici-naturali-esistono-davvero\\\/#primaryimage\",\"url\":\"https:\\\/\\\/estetical.com\\\/wp-content\\\/uploads\\\/2024\\\/08\\\/amadej-lah-slika-3-1024x1024.jpg\",\"contentUrl\":\"https:\\\/\\\/estetical.com\\\/wp-content\\\/uploads\\\/2024\\\/08\\\/amadej-lah-slika-3-1024x1024.jpg\"},{\"@type\":\"BreadcrumbList\",\"@id\":\"https:\\\/\\\/estetical.com\\\/it\\\/trattamenti-estetici-naturali-esistono-davvero\\\/#breadcrumb\",\"itemListElement\":[{\"@type\":\"ListItem\",\"position\":1,\"name\":\"Home\",\"item\":\"https:\\\/\\\/estetical.com\\\/it\\\/\"},{\"@type\":\"ListItem\",\"position\":2,\"name\":\"Trattamenti estetici &#8220;naturali&#8221; \u2013 esistono davvero?\"}]},{\"@type\":\"WebSite\",\"@id\":\"https:\\\/\\\/estetical.com\\\/it\\\/#website\",\"url\":\"https:\\\/\\\/estetical.com\\\/it\\\/\",\"name\":\"Estetical\",\"description\":\"Estetska kirurgija in zdravstveni center\",\"publisher\":{\"@id\":\"https:\\\/\\\/estetical.com\\\/it\\\/#organization\"},\"potentialAction\":[{\"@type\":\"SearchAction\",\"target\":{\"@type\":\"EntryPoint\",\"urlTemplate\":\"https:\\\/\\\/estetical.com\\\/it\\\/?s={search_term_string}\"},\"query-input\":{\"@type\":\"PropertyValueSpecification\",\"valueRequired\":true,\"valueName\":\"search_term_string\"}}],\"inLanguage\":\"it-IT\"},{\"@type\":\"Organization\",\"@id\":\"https:\\\/\\\/estetical.com\\\/it\\\/#organization\",\"name\":\"Estetical\",\"url\":\"https:\\\/\\\/estetical.com\\\/it\\\/\",\"logo\":{\"@type\":\"ImageObject\",\"inLanguage\":\"it-IT\",\"@id\":\"https:\\\/\\\/estetical.com\\\/it\\\/#\\\/schema\\\/logo\\\/image\\\/\",\"url\":\"https:\\\/\\\/estetical.com\\\/wp-content\\\/uploads\\\/2021\\\/09\\\/Estetical-logo.png\",\"contentUrl\":\"https:\\\/\\\/estetical.com\\\/wp-content\\\/uploads\\\/2021\\\/09\\\/Estetical-logo.png\",\"width\":500,\"height\":68,\"caption\":\"Estetical\"},\"image\":{\"@id\":\"https:\\\/\\\/estetical.com\\\/it\\\/#\\\/schema\\\/logo\\\/image\\\/\"},\"sameAs\":[\"https:\\\/\\\/www.facebook.com\\\/estetical.by.amadej.lah\",\"https:\\\/\\\/www.instagram.com\\\/estetical.by.amadej.lah\\\/\"]},{\"@type\":\"Person\",\"@id\":\"https:\\\/\\\/estetical.com\\\/it\\\/#\\\/schema\\\/person\\\/8bed5f22c9c325499944d30e9eb872d8\",\"name\":\"spela\",\"image\":{\"@type\":\"ImageObject\",\"inLanguage\":\"it-IT\",\"@id\":\"https:\\\/\\\/secure.gravatar.com\\\/avatar\\\/b2a66701c13c2679521a5f0be6cc719f2366c9bd351f9f3cfa0c848f70bff928?s=96&d=mm&r=g\",\"url\":\"https:\\\/\\\/secure.gravatar.com\\\/avatar\\\/b2a66701c13c2679521a5f0be6cc719f2366c9bd351f9f3cfa0c848f70bff928?s=96&d=mm&r=g\",\"contentUrl\":\"https:\\\/\\\/secure.gravatar.com\\\/avatar\\\/b2a66701c13c2679521a5f0be6cc719f2366c9bd351f9f3cfa0c848f70bff928?s=96&d=mm&r=g\",\"caption\":\"spela\"},\"url\":\"https:\\\/\\\/estetical.com\\\/it\\\/author\\\/spela\\\/\"}]}<\/script>\n<!-- \/ Yoast SEO plugin. -->","yoast_head_json":{"title":"Trattamenti estetici \"naturali\" \u2013 esistono davvero? - ESTETICAL by Amadej Lah","robots":{"index":"index","follow":"follow","max-snippet":"max-snippet:-1","max-image-preview":"max-image-preview:large","max-video-preview":"max-video-preview:-1"},"canonical":"https:\/\/estetical.com\/it\/trattamenti-estetici-naturali-esistono-davvero\/","og_locale":"it_IT","og_type":"article","og_title":"Trattamenti estetici \"naturali\" \u2013 esistono davvero? - ESTETICAL by Amadej Lah","og_description":"Negli ultimi anni della mia pratica professionale, noto sempre pi\u00f9 spesso che durante le consulenze ricorre la stessa frase: \u00bbL\u2019importante \u00e8 che il risultato sia naturale.\u00ab La sento indipendentemente dal fatto che si tratti di filler, lifting del viso o interventi al seno. E comprendo perfettamente questo desiderio \u2013 nessuno vuole che il risultato appaia [&hellip;]","og_url":"https:\/\/estetical.com\/it\/trattamenti-estetici-naturali-esistono-davvero\/","og_site_name":"ESTETICAL by Amadej Lah","article_publisher":"https:\/\/www.facebook.com\/estetical.by.amadej.lah","article_published_time":"2025-05-08T09:30:00+00:00","article_modified_time":"2025-05-08T21:53:12+00:00","og_image":[{"width":2560,"height":2560,"url":"https:\/\/estetical.com\/wp-content\/uploads\/2024\/08\/amadej-lah-slika-3-scaled.jpg","type":"image\/jpeg"}],"author":"spela","twitter_card":"summary_large_image","twitter_misc":{"Scritto da":"spela","Tempo di lettura stimato":"2 minuti"},"schema":{"@context":"https:\/\/schema.org","@graph":[{"@type":"Article","@id":"https:\/\/estetical.com\/it\/trattamenti-estetici-naturali-esistono-davvero\/#article","isPartOf":{"@id":"https:\/\/estetical.com\/it\/trattamenti-estetici-naturali-esistono-davvero\/"},"author":{"name":"spela","@id":"https:\/\/estetical.com\/it\/#\/schema\/person\/8bed5f22c9c325499944d30e9eb872d8"},"headline":"Trattamenti estetici &#8220;naturali&#8221; \u2013 esistono davvero?","datePublished":"2025-05-08T09:30:00+00:00","dateModified":"2025-05-08T21:53:12+00:00","mainEntityOfPage":{"@id":"https:\/\/estetical.com\/it\/trattamenti-estetici-naturali-esistono-davvero\/"},"wordCount":363,"commentCount":0,"publisher":{"@id":"https:\/\/estetical.com\/it\/#organization"},"image":{"@id":"https:\/\/estetical.com\/it\/trattamenti-estetici-naturali-esistono-davvero\/#primaryimage"},"thumbnailUrl":"https:\/\/estetical.com\/wp-content\/uploads\/2024\/08\/amadej-lah-slika-3-1024x1024.jpg","articleSection":["Articolo"],"inLanguage":"it-IT","potentialAction":[{"@type":"CommentAction","name":"Comment","target":["https:\/\/estetical.com\/it\/trattamenti-estetici-naturali-esistono-davvero\/#respond"]}]},{"@type":"WebPage","@id":"https:\/\/estetical.com\/it\/trattamenti-estetici-naturali-esistono-davvero\/","url":"https:\/\/estetical.com\/it\/trattamenti-estetici-naturali-esistono-davvero\/","name":"Trattamenti estetici \"naturali\" \u2013 esistono davvero? - ESTETICAL by Amadej Lah","isPartOf":{"@id":"https:\/\/estetical.com\/it\/#website"},"primaryImageOfPage":{"@id":"https:\/\/estetical.com\/it\/trattamenti-estetici-naturali-esistono-davvero\/#primaryimage"},"image":{"@id":"https:\/\/estetical.com\/it\/trattamenti-estetici-naturali-esistono-davvero\/#primaryimage"},"thumbnailUrl":"https:\/\/estetical.com\/wp-content\/uploads\/2024\/08\/amadej-lah-slika-3-1024x1024.jpg","datePublished":"2025-05-08T09:30:00+00:00","dateModified":"2025-05-08T21:53:12+00:00","breadcrumb":{"@id":"https:\/\/estetical.com\/it\/trattamenti-estetici-naturali-esistono-davvero\/#breadcrumb"},"inLanguage":"it-IT","potentialAction":[{"@type":"ReadAction","target":["https:\/\/estetical.com\/it\/trattamenti-estetici-naturali-esistono-davvero\/"]}]},{"@type":"ImageObject","inLanguage":"it-IT","@id":"https:\/\/estetical.com\/it\/trattamenti-estetici-naturali-esistono-davvero\/#primaryimage","url":"https:\/\/estetical.com\/wp-content\/uploads\/2024\/08\/amadej-lah-slika-3-1024x1024.jpg","contentUrl":"https:\/\/estetical.com\/wp-content\/uploads\/2024\/08\/amadej-lah-slika-3-1024x1024.jpg"},{"@type":"BreadcrumbList","@id":"https:\/\/estetical.com\/it\/trattamenti-estetici-naturali-esistono-davvero\/#breadcrumb","itemListElement":[{"@type":"ListItem","position":1,"name":"Home","item":"https:\/\/estetical.com\/it\/"},{"@type":"ListItem","position":2,"name":"Trattamenti estetici &#8220;naturali&#8221; \u2013 esistono davvero?"}]},{"@type":"WebSite","@id":"https:\/\/estetical.com\/it\/#website","url":"https:\/\/estetical.com\/it\/","name":"Estetical","description":"Estetska kirurgija in zdravstveni center","publisher":{"@id":"https:\/\/estetical.com\/it\/#organization"},"potentialAction":[{"@type":"SearchAction","target":{"@type":"EntryPoint","urlTemplate":"https:\/\/estetical.com\/it\/?s={search_term_string}"},"query-input":{"@type":"PropertyValueSpecification","valueRequired":true,"valueName":"search_term_string"}}],"inLanguage":"it-IT"},{"@type":"Organization","@id":"https:\/\/estetical.com\/it\/#organization","name":"Estetical","url":"https:\/\/estetical.com\/it\/","logo":{"@type":"ImageObject","inLanguage":"it-IT","@id":"https:\/\/estetical.com\/it\/#\/schema\/logo\/image\/","url":"https:\/\/estetical.com\/wp-content\/uploads\/2021\/09\/Estetical-logo.png","contentUrl":"https:\/\/estetical.com\/wp-content\/uploads\/2021\/09\/Estetical-logo.png","width":500,"height":68,"caption":"Estetical"},"image":{"@id":"https:\/\/estetical.com\/it\/#\/schema\/logo\/image\/"},"sameAs":["https:\/\/www.facebook.com\/estetical.by.amadej.lah","https:\/\/www.instagram.com\/estetical.by.amadej.lah\/"]},{"@type":"Person","@id":"https:\/\/estetical.com\/it\/#\/schema\/person\/8bed5f22c9c325499944d30e9eb872d8","name":"spela","image":{"@type":"ImageObject","inLanguage":"it-IT","@id":"https:\/\/secure.gravatar.com\/avatar\/b2a66701c13c2679521a5f0be6cc719f2366c9bd351f9f3cfa0c848f70bff928?s=96&d=mm&r=g","url":"https:\/\/secure.gravatar.com\/avatar\/b2a66701c13c2679521a5f0be6cc719f2366c9bd351f9f3cfa0c848f70bff928?s=96&d=mm&r=g","contentUrl":"https:\/\/secure.gravatar.com\/avatar\/b2a66701c13c2679521a5f0be6cc719f2366c9bd351f9f3cfa0c848f70bff928?s=96&d=mm&r=g","caption":"spela"},"url":"https:\/\/estetical.com\/it\/author\/spela\/"}]}},"_links":{"self":[{"href":"https:\/\/estetical.com\/it\/wp-json\/wp\/v2\/posts\/13251","targetHints":{"allow":["GET"]}}],"collection":[{"href":"https:\/\/estetical.com\/it\/wp-json\/wp\/v2\/posts"}],"about":[{"href":"https:\/\/estetical.com\/it\/wp-json\/wp\/v2\/types\/post"}],"author":[{"embeddable":true,"href":"https:\/\/estetical.com\/it\/wp-json\/wp\/v2\/users\/3"}],"replies":[{"embeddable":true,"href":"https:\/\/estetical.com\/it\/wp-json\/wp\/v2\/comments?post=13251"}],"version-history":[{"count":1,"href":"https:\/\/estetical.com\/it\/wp-json\/wp\/v2\/posts\/13251\/revisions"}],"predecessor-version":[{"id":13252,"href":"https:\/\/estetical.com\/it\/wp-json\/wp\/v2\/posts\/13251\/revisions\/13252"}],"wp:attachment":[{"href":"https:\/\/estetical.com\/it\/wp-json\/wp\/v2\/media?parent=13251"}],"wp:term":[{"taxonomy":"category","embeddable":true,"href":"https:\/\/estetical.com\/it\/wp-json\/wp\/v2\/categories?post=13251"},{"taxonomy":"post_tag","embeddable":true,"href":"https:\/\/estetical.com\/it\/wp-json\/wp\/v2\/tags?post=13251"}],"curies":[{"name":"wp","href":"https:\/\/api.w.org\/{rel}","templated":true}]}}